{"id":319,"date":"2015-05-02T19:42:13","date_gmt":"2015-05-02T17:42:13","guid":{"rendered":"http:\/\/www.margheritagabrielli.it\/?p=319"},"modified":"2015-05-30T10:56:35","modified_gmt":"2015-05-30T08:56:35","slug":"gli-studi-di-storia-medievale-di-margherita-sembrano-ispirati-dalle-radici-familiari","status":"publish","type":"post","link":"https:\/\/www.margheritagabrielli.it\/?p=319","title":{"rendered":"Gli studi di storia medievale di Margherita sembrano ispirati dalle radici familiari"},"content":{"rendered":"<p><a href=\"https:\/\/www.margheritagabrielli.it\/wordpress\/wp-content\/uploads\/2015\/05\/Sansovino-copertina.jpg\"><img loading=\"lazy\" decoding=\"async\" class=\"alignleft wp-image-320 size-medium\" src=\"https:\/\/www.margheritagabrielli.it\/wordpress\/wp-content\/uploads\/2015\/05\/Sansovino-copertina-177x300.jpg\" alt=\"Sansovino-copertina\" width=\"177\" height=\"300\" srcset=\"https:\/\/www.margheritagabrielli.it\/wp-content\/uploads\/2015\/05\/Sansovino-copertina-177x300.jpg 177w, https:\/\/www.margheritagabrielli.it\/wp-content\/uploads\/2015\/05\/Sansovino-copertina-603x1024.jpg 603w, https:\/\/www.margheritagabrielli.it\/wp-content\/uploads\/2015\/05\/Sansovino-copertina.jpg 1461w\" sizes=\"auto, (max-width: 177px) 100vw, 177px\" \/><\/a>Il <a href=\"https:\/\/www.margheritagabrielli.it\/wordpress\/?page_id=47\">ramo paterno di Margherita<\/a> ha radici che affondano all&#8217;inizio dell&#8217;era medievale.<\/p>\n<p><em>&#8220;Si leggono due opinioni intorno all&#8217;origine di questa casa <\/em>&#8211; scrive il Sansovino nel 1582 ricostruendo la genealogia dei Signori Gabrielli &#8211;<em> La prima, ch&#8217;ella sia non forestiera, ma pura Italiana. Percioche trovandosi l&#8217;anno 290 San Secondo in Ugubbiosotto l&#8217;imperio de Massimiano, fu preso da i ministri della Corte in casa d&#8217;Eudossia Gabriella, di famiglia nobile, et christiana, dove s&#8217;era fuggito per salvarsi. Et condotto a Spoleti a Dionisio Proconsolo che lo mando in Ameria, dove fu gettato nel Tebro con una mola al collo, tratto il suo corpo dell&#8217;acqua da un pescatore , la detta Eudossia lo fece condurre a Ugubbio , et riporre in una chiesa fabricta a suo honore dove si conservano fino al presente le sue Sante reliquie. Conferma quanto s&#8217;\u00e8 detto, l&#8217;autorit\u00e0 di uno antichiss. libro, che si conserva nell&#8217;archivio del Convento di S.Secondo in Ugubbio &#8230;.<\/em>&#8221;<\/p>\n<p>Citate le diverse fonti a conferma dei fatti, il Sansovino ricorda che <em>&#8220;S&#8217;allora\u00a0 <\/em>[Eudossia Gabriella]<em> era chiara per nobilt\u00e0 et per religione, \u00e8 necessario che la detta famiglia de Gabrielli, havesse per molti anni prima havuto principio et nome nella detta citt\u00e0.&#8221;<\/em><\/p>\n<p><em>&#8220;La seconda opionione<\/em> &#8211; continua il Sansovino &#8211; <em>\u00e8, ch&#8217;ella fosse originata da un Conte d&#8217;Alsatia, il quale venuto di Lamagna <\/em>[Germania, n.d.r.]<em> in Italia, si ferm\u00f3 in Ugubbio, l&#8217;anno 715, nel tempo di Papa Gregorio Secondo. Et l&#8217;afferma Fanusio Campano nell&#8217;ottavo libro a cap. secondo dicendo &#8216;Ex auctoritate Anfelini civis Brixiani in uita Papae Gregorij II eius tempore in Eugubio Umbrie nobili civitate, a Gabriele Comite Alsatiae , nobiles de Gabrielis descenderunt&#8217; &#8220;.<\/em><\/p>\n<p>Dunque gi\u00e0 alle origini della famiglia c&#8217;\u00e8 la possiblit\u00e0 che sangue italico e germanico abbiano fecondato la storia che porter\u00e0 fino a Margherita, il cui <a href=\"https:\/\/www.margheritagabrielli.it\/wordpress\/?page_id=49\">ramo materno<\/a> \u00e8 appunto di origine tedesca. In quelle antiche radici vanno forse cercate anche le ragioni dell&#8217;interesse di Margherita per l&#8217;arte e la storia medievale, o quella per i temi religiosi, se si volesse accreditare la versione della Santa Eudossia Gabriella come capostipite della casata.<\/p>\n<p>Margherita che trov\u00f2 nell&#8217;antroposofia le conferme delle sue intuizioni sulla reincarnazione, era convinta che in una sua vita precedente era stata un monaco e in epoca ancora pi\u00f9 remota un sacerdote Sumero, la cui immagine le apparve in uno dei suoi esercizi con i colori.<\/p>\n<p>E.M.<\/p>\n<p>&nbsp;<\/p>\n<p>&nbsp;<\/p>\n","protected":false},"excerpt":{"rendered":"<p>Il ramo paterno di Margherita ha radici che affondano all&#8217;inizio dell&#8217;era medievale. &#8220;Si leggono due opinioni intorno all&#8217;origine di questa casa &#8211; scrive il Sansovino nel 1582 ricostruendo la genealogia dei Signori Gabrielli &#8211; La prima, ch&#8217;ella sia non forestiera, ma pura Italiana. Percioche trovandosi l&#8217;anno 290 San Secondo in Ugubbiosotto l&#8217;imperio de Massimiano, fu &hellip;<\/p>\n","protected":false},"author":1,"featured_media":0,"comment_status":"open","ping_status":"open","sticky":false,"template":"","format":"standard","meta":{"footnotes":""},"categories":[5,4],"tags":[9,7,8,6],"class_list":["post-319","post","type-post","status-publish","format-standard","hentry","category-gabrielli-da-gubbio","category-radici","tag-antroposofia","tag-famiglie-illustri","tag-reincarnazione","tag-storia-medievale"],"_links":{"self":[{"href":"https:\/\/www.margheritagabrielli.it\/index.php?rest_route=\/wp\/v2\/posts\/319","targetHints":{"allow":["GET"]}}],"collection":[{"href":"https:\/\/www.margheritagabrielli.it\/index.php?rest_route=\/wp\/v2\/posts"}],"about":[{"href":"https:\/\/www.margheritagabrielli.it\/index.php?rest_route=\/wp\/v2\/types\/post"}],"author":[{"embeddable":true,"href":"https:\/\/www.margheritagabrielli.it\/index.php?rest_route=\/wp\/v2\/users\/1"}],"replies":[{"embeddable":true,"href":"https:\/\/www.margheritagabrielli.it\/index.php?rest_route=%2Fwp%2Fv2%2Fcomments&post=319"}],"version-history":[{"count":2,"href":"https:\/\/www.margheritagabrielli.it\/index.php?rest_route=\/wp\/v2\/posts\/319\/revisions"}],"predecessor-version":[{"id":323,"href":"https:\/\/www.margheritagabrielli.it\/index.php?rest_route=\/wp\/v2\/posts\/319\/revisions\/323"}],"wp:attachment":[{"href":"https:\/\/www.margheritagabrielli.it\/index.php?rest_route=%2Fwp%2Fv2%2Fmedia&parent=319"}],"wp:term":[{"taxonomy":"category","embeddable":true,"href":"https:\/\/www.margheritagabrielli.it\/index.php?rest_route=%2Fwp%2Fv2%2Fcategories&post=319"},{"taxonomy":"post_tag","embeddable":true,"href":"https:\/\/www.margheritagabrielli.it\/index.php?rest_route=%2Fwp%2Fv2%2Ftags&post=319"}],"curies":[{"name":"wp","href":"https:\/\/api.w.org\/{rel}","templated":true}]}}